{"id":611,"date":"2024-06-28T10:03:36","date_gmt":"2024-06-28T10:03:36","guid":{"rendered":"https:\/\/www.corelegal.eu\/?p=611"},"modified":"2024-07-29T07:17:33","modified_gmt":"2024-07-29T07:17:33","slug":"millal-ei-tohiks-panna-andmekaitsespetsialisti-ingl-k-dpo-kohustusi-juhatusele","status":"publish","type":"post","link":"https:\/\/www.corelegal.eu\/et\/millal-ei-tohiks-panna-andmekaitsespetsialisti-ingl-k-dpo-kohustusi-juhatusele\/","title":{"rendered":"Millal ei tohiks panna andmekaitsespetsialisti (ingl k DPO) kohustusi juhatusele?"},"content":{"rendered":"\n<p>Euroopa Liidu isikuandmete kaitse \u00fcldm\u00e4\u00e4rus (IK\u00dcM, ingl k GDPR) r\u00f5hutab andmekaitse olulisust, n\u00f5udes organisatsioonidelt ja ettev\u00f5tetelt erilist t\u00e4helepanu isikuandmete t\u00f6\u00f6tlemise \u00f5igusp\u00e4rasusele ja turvalisusele. \u00dcks oluline n\u00f5ue GDPR-is on andmekaitsespetsialisti (DPO) m\u00e4\u00e4ramine vastava kohustusega ettev\u00f5tetes. See roll peab tagama, et ettev\u00f5te j\u00e4rgib k\u00f5iki andmekaitse eeskirju. Praktikas on levinud, et roll m\u00e4\u00e4ratakse k\u00f5rvalkohustuseks muid \u00fclesandeid t\u00e4itvale tegevjuhile\/juhatuse liikmele. Kuid on mitmeid p\u00f5hjuseid, miks juhatuse liige ei peaks olema m\u00e4\u00e4ratud andmekaitsespetsialisti rolli. GDPR n\u00f5uab, et andmekaitsespetsialistil oleks otsene juurdep\u00e4\u00e4s juhtkonnale, kuid see ei t\u00e4henda, et andmekaitsespetsialisti ja juhtkonna liikmete rollid peaksid kattuma.<\/p>\n\n\n\n<h4 class=\"wp-block-heading\"><strong>Huvide konflikt<\/strong><\/h4>\n\n\n\n<p>\u00dcks peamisi p\u00f5hjuseid, miks juhatuse liige ei tohiks t\u00e4ita andmekaitsespetsialisti rolli, on huvide konflikt. GDPR n\u00f5uab, et andmekaitsespetsialist t\u00e4idaks oma \u00fclesandeid s\u00f5ltumatult ja objektiivselt. Juhatuse liikmed vastutavad strateegiliste eesm\u00e4rkide ja \u00e4riotsuste eest, mis v\u00f5ivad olla vastuolus isikuandmete kaitse n\u00f5uetega. N\u00e4iteks v\u00f5ib tekkida olukordi, kus juhatuse liige peab valima andmekaitse ja \u00e4rihuvide vahel, mis kahjustab andmekaitsespetsialisti objektiivsust, kui rolli kannab sama inimene.<\/p>\n\n\n\n<h4 class=\"wp-block-heading\"><strong>S\u00f5ltumatus ja autonoomia<\/strong><\/h4>\n\n\n\n<p>GDPR artikli 38 kohaselt peab andmekaitsespetsialist olema oma \u00fclesannete t\u00e4itmisel s\u00f5ltumatu ega tohi saada korraldusi seoses oma \u00fclesannete t\u00e4itmisega. Juhatuse liikmena on isik seotud otseselt ettev\u00f5tte juhtimise ja kontrolliga, mis v\u00f5ib piirata tema v\u00f5imet tegutseda s\u00f5ltumatult. Lisaks sellele v\u00f5ib juhatuse liige tunda survet teha otsuseid, mis on ettev\u00f5tte omanikele ja\/v\u00f5i juhtkonnale kasulikud, kuid ei pruugi olla koosk\u00f5las andmekaitse parimate tavadega.<\/p>\n\n\n\n<h4 class=\"wp-block-heading\"><strong>Ressursid ja volitused<\/strong><\/h4>\n\n\n\n<p>Andmekaitsespetsialistile tuleb tagada piisavad ressursid ja volitused, et t\u00e4ita oma \u00fclesandeid t\u00f5husalt. Juhatuse liikmel v\u00f5ivad olla teised prioriteedid ja vastutusalad, mis v\u00f5ivad takistada tema v\u00f5imet p\u00fchendada piisavalt aega ja ressursse andmekaitse k\u00fcsimustega tegelemiseks.&nbsp;<\/p>\n\n\n\n<p><strong>P\u00e4devus ja eriteadmised<\/strong><\/p>\n\n\n\n<p>Andmekaitsespetsialisti roll n\u00f5uab erialaseid teadmisi andmekaitseseadustest ja -praktikast. Kuigi juhatuse liikmel v\u00f5ivad olla laiap\u00f5hjalised teadmised ja kogemused juhtimisel, ei pruugi tal olla eriteadmisi andmekaitsest. Seet\u00f5ttu on oluline, et andmekaitsespetsialisti rolli t\u00e4idaks isik, kellel on vastavad eriteadmised ja kogemused.<\/p>\n\n\n\n<h4 class=\"wp-block-heading\"><strong>Usaldus ja l\u00e4bipaistvus<\/strong><\/h4>\n\n\n\n<p>GDPR-i n\u00f5uete t\u00e4itmine on tihedalt seotud ettev\u00f5tte tegevuse l\u00e4bipaistvuse ja usaldusv\u00e4\u00e4rsusega. Kui andmekaitsespetsialist on juhatuse liige, v\u00f5ib see tekitada t\u00f6\u00f6tajates ja avalikkuses kahtlusi tema s\u00f5ltumatuse ja objektiivsuse suhtes. Andmekaitsespetsialisti rolli eristamine juhtkonnast v\u00f5ib aidata tagada andmekaitseprotsesside l\u00e4bipaistvust ja usaldusv\u00e4\u00e4rsust.<\/p>\n\n\n\n<h4 class=\"wp-block-heading\"><strong>Kokkuv\u00f5te<\/strong><\/h4>\n\n\n\n<p>Kokkuv\u00f5ttes on mitmeid kaalukaid p\u00f5hjuseid, miks juhatuse liige ei peaks olema \u00fchtlasi andmekaitsespetsialisti rollis. Andmekaitse k\u00f5rget taset saab saavutada vaid siis, kui andmekaitsespetsialist on s\u00f5ltumatu ja p\u00fchendunud andmekaitsepraktikate t\u00f5husale rakendamisele.<\/p>\n\n\n\n<p>Advokaadid Julia Gramma ja Tiina Pukk omavad pikaajalist kogemust andmekaitses ja privaatsus\u00f5igustes ning pakuvad ettev\u00f5ttetele kuutasup\u00f5hist andmekaitsespetsialisti teenust. K\u00fcsi t\u00e4psemalt <a href=\"mailto:info@corelega.eu\">info@corelega.eu<\/a>&nbsp;<br><\/p>\n\n\n\n<figure class=\"wp-block-image size-full is-resized\"><img fetchpriority=\"high\" decoding=\"async\" width=\"1620\" height=\"1080\" src=\"https:\/\/www.corelegal.eu\/wp-content\/uploads\/2024\/06\/DPO-service-by-Core-Legal.jpg\" alt=\"\" class=\"wp-image-612\" style=\"width:460px;height:auto\" srcset=\"https:\/\/www.corelegal.eu\/wp-content\/uploads\/2024\/06\/DPO-service-by-Core-Legal.jpg 1620w, https:\/\/www.corelegal.eu\/wp-content\/uploads\/2024\/06\/DPO-service-by-Core-Legal-300x200.jpg 300w, https:\/\/www.corelegal.eu\/wp-content\/uploads\/2024\/06\/DPO-service-by-Core-Legal-1024x683.jpg 1024w, https:\/\/www.corelegal.eu\/wp-content\/uploads\/2024\/06\/DPO-service-by-Core-Legal-768x512.jpg 768w, https:\/\/www.corelegal.eu\/wp-content\/uploads\/2024\/06\/DPO-service-by-Core-Legal-1536x1024.jpg 1536w\" sizes=\"(max-width: 1620px) 100vw, 1620px\" \/><figcaption class=\"wp-element-caption\">Advokaadid Julia Gramma ja Tiina Pukk pakuvad andmekaitsespetsialisti kuutasup\u00f5hise teenusena. <\/figcaption><\/figure>\n","protected":false},"excerpt":{"rendered":"<p>Euroopa Liidu isikuandmete kaitse \u00fcldm\u00e4\u00e4rus (IK\u00dcM, ingl k GDPR) r\u00f5hutab andmekaitse olulisust, n\u00f5udes organisatsioonidelt ja ettev\u00f5tetelt erilist t\u00e4helepanu isikuandmete t\u00f6\u00f6tlemise \u00f5igusp\u00e4rasusele ja turvalisusele. \u00dcks oluline n\u00f5ue GDPR-is on andmekaitsespetsialisti (DPO) m\u00e4\u00e4ramine vastava kohustusega ettev\u00f5tetes. See roll peab tagama, et ettev\u00f5te j\u00e4rgib k\u00f5iki andmekaitse eeskirju. Praktikas on levinud, et roll m\u00e4\u00e4ratakse k\u00f5rvalkohustuseks muid \u00fclesandeid t\u00e4itvale tegevjuhile\/juhatuse [&hellip;]<\/p>\n","protected":false},"author":3,"featured_media":0,"comment_status":"closed","ping_status":"closed","sticky":false,"template":"","format":"standard","meta":{"footnotes":""},"categories":[4],"tags":[],"class_list":["post-611","post","type-post","status-publish","format-standard","hentry","category-uncategorized-et"],"yoast_head":"<!-- This site is optimized with the Yoast SEO plugin v27.4 - https:\/\/yoast.com\/product\/yoast-seo-wordpress\/ -->\n<title>Millal ei tohiks panna andmekaitsespetsialisti (ingl k DPO) kohustusi juhatusele? | CoreLegal<\/title>\n<meta name=\"description\" content=\"Euroopa Liidu isikuandmete kaitse \u00fcldm\u00e4\u00e4rus (IK\u00dcM, ingl k GDPR) r\u00f5hutab andmekaitse olulisust, n\u00f5udes organisatsioonidelt ja ettev\u00f5tetelt erilist\" \/>\n<meta name=\"robots\" content=\"index, follow, max-snippet:-1, max-image-preview:large, max-video-preview:-1\" \/>\n<link rel=\"canonical\" href=\"https:\/\/www.corelegal.eu\/et\/millal-ei-tohiks-panna-andmekaitsespetsialisti-ingl-k-dpo-kohustusi-juhatusele\/\" \/>\n<meta property=\"og:locale\" content=\"et_EE\" \/>\n<meta property=\"og:type\" content=\"article\" \/>\n<meta property=\"og:title\" content=\"Millal ei tohiks panna andmekaitsespetsialisti (ingl k DPO) kohustusi juhatusele? | CoreLegal\" \/>\n<meta property=\"og:description\" content=\"Euroopa Liidu isikuandmete kaitse \u00fcldm\u00e4\u00e4rus (IK\u00dcM, ingl k GDPR) r\u00f5hutab andmekaitse olulisust, n\u00f5udes organisatsioonidelt ja ettev\u00f5tetelt erilist\" \/>\n<meta property=\"og:url\" content=\"https:\/\/www.corelegal.eu\/et\/millal-ei-tohiks-panna-andmekaitsespetsialisti-ingl-k-dpo-kohustusi-juhatusele\/\" \/>\n<meta property=\"og:site_name\" content=\"CoreLegal\" \/>\n<meta property=\"article:publisher\" content=\"https:\/\/www.facebook.com\/CoreLegalLaw\" \/>\n<meta property=\"article:published_time\" content=\"2024-06-28T10:03:36+00:00\" \/>\n<meta property=\"article:modified_time\" content=\"2024-07-29T07:17:33+00:00\" \/>\n<meta property=\"og:image\" content=\"https:\/\/www.corelegal.eu\/wp-content\/uploads\/2024\/06\/DPO-service-by-Core-Legal.jpg\" \/>\n<meta name=\"author\" content=\"tiina.pukk@corelegal.eu\" \/>\n<meta name=\"twitter:card\" content=\"summary_large_image\" \/>\n<script type=\"application\/ld+json\" class=\"yoast-schema-graph\">{\"@context\":\"https:\\\/\\\/schema.org\",\"@graph\":[{\"@type\":\"Article\",\"@id\":\"https:\\\/\\\/www.corelegal.eu\\\/et\\\/millal-ei-tohiks-panna-andmekaitsespetsialisti-ingl-k-dpo-kohustusi-juhatusele\\\/#article\",\"isPartOf\":{\"@id\":\"https:\\\/\\\/www.corelegal.eu\\\/et\\\/millal-ei-tohiks-panna-andmekaitsespetsialisti-ingl-k-dpo-kohustusi-juhatusele\\\/\"},\"author\":{\"name\":\"tiina.pukk@corelegal.eu\",\"@id\":\"https:\\\/\\\/www.corelegal.eu\\\/#\\\/schema\\\/person\\\/641bb5a5832bcef8f57f8d770055e41c\"},\"headline\":\"Millal ei tohiks panna andmekaitsespetsialisti (ingl k DPO) kohustusi juhatusele?\",\"datePublished\":\"2024-06-28T10:03:36+00:00\",\"dateModified\":\"2024-07-29T07:17:33+00:00\",\"mainEntityOfPage\":{\"@id\":\"https:\\\/\\\/www.corelegal.eu\\\/et\\\/millal-ei-tohiks-panna-andmekaitsespetsialisti-ingl-k-dpo-kohustusi-juhatusele\\\/\"},\"wordCount\":493,\"publisher\":{\"@id\":\"https:\\\/\\\/www.corelegal.eu\\\/#organization\"},\"image\":{\"@id\":\"https:\\\/\\\/www.corelegal.eu\\\/et\\\/millal-ei-tohiks-panna-andmekaitsespetsialisti-ingl-k-dpo-kohustusi-juhatusele\\\/#primaryimage\"},\"thumbnailUrl\":\"https:\\\/\\\/www.corelegal.eu\\\/wp-content\\\/uploads\\\/2024\\\/06\\\/DPO-service-by-Core-Legal.jpg\",\"articleSection\":[\"Uncategorized @et\"],\"inLanguage\":\"et\"},{\"@type\":\"WebPage\",\"@id\":\"https:\\\/\\\/www.corelegal.eu\\\/et\\\/millal-ei-tohiks-panna-andmekaitsespetsialisti-ingl-k-dpo-kohustusi-juhatusele\\\/\",\"url\":\"https:\\\/\\\/www.corelegal.eu\\\/et\\\/millal-ei-tohiks-panna-andmekaitsespetsialisti-ingl-k-dpo-kohustusi-juhatusele\\\/\",\"name\":\"Millal ei tohiks panna andmekaitsespetsialisti (ingl k DPO) kohustusi juhatusele? | CoreLegal\",\"isPartOf\":{\"@id\":\"https:\\\/\\\/www.corelegal.eu\\\/#website\"},\"primaryImageOfPage\":{\"@id\":\"https:\\\/\\\/www.corelegal.eu\\\/et\\\/millal-ei-tohiks-panna-andmekaitsespetsialisti-ingl-k-dpo-kohustusi-juhatusele\\\/#primaryimage\"},\"image\":{\"@id\":\"https:\\\/\\\/www.corelegal.eu\\\/et\\\/millal-ei-tohiks-panna-andmekaitsespetsialisti-ingl-k-dpo-kohustusi-juhatusele\\\/#primaryimage\"},\"thumbnailUrl\":\"https:\\\/\\\/www.corelegal.eu\\\/wp-content\\\/uploads\\\/2024\\\/06\\\/DPO-service-by-Core-Legal.jpg\",\"datePublished\":\"2024-06-28T10:03:36+00:00\",\"dateModified\":\"2024-07-29T07:17:33+00:00\",\"description\":\"Euroopa Liidu isikuandmete kaitse \u00fcldm\u00e4\u00e4rus (IK\u00dcM, ingl k GDPR) r\u00f5hutab andmekaitse olulisust, n\u00f5udes organisatsioonidelt ja ettev\u00f5tetelt erilist\",\"breadcrumb\":{\"@id\":\"https:\\\/\\\/www.corelegal.eu\\\/et\\\/millal-ei-tohiks-panna-andmekaitsespetsialisti-ingl-k-dpo-kohustusi-juhatusele\\\/#breadcrumb\"},\"inLanguage\":\"et\",\"potentialAction\":[{\"@type\":\"ReadAction\",\"target\":[\"https:\\\/\\\/www.corelegal.eu\\\/et\\\/millal-ei-tohiks-panna-andmekaitsespetsialisti-ingl-k-dpo-kohustusi-juhatusele\\\/\"]}]},{\"@type\":\"ImageObject\",\"inLanguage\":\"et\",\"@id\":\"https:\\\/\\\/www.corelegal.eu\\\/et\\\/millal-ei-tohiks-panna-andmekaitsespetsialisti-ingl-k-dpo-kohustusi-juhatusele\\\/#primaryimage\",\"url\":\"https:\\\/\\\/www.corelegal.eu\\\/wp-content\\\/uploads\\\/2024\\\/06\\\/DPO-service-by-Core-Legal.jpg\",\"contentUrl\":\"https:\\\/\\\/www.corelegal.eu\\\/wp-content\\\/uploads\\\/2024\\\/06\\\/DPO-service-by-Core-Legal.jpg\"},{\"@type\":\"BreadcrumbList\",\"@id\":\"https:\\\/\\\/www.corelegal.eu\\\/et\\\/millal-ei-tohiks-panna-andmekaitsespetsialisti-ingl-k-dpo-kohustusi-juhatusele\\\/#breadcrumb\",\"itemListElement\":[{\"@type\":\"ListItem\",\"position\":1,\"name\":\"Home\",\"item\":\"https:\\\/\\\/www.corelegal.eu\\\/et\\\/avaleht\\\/\"},{\"@type\":\"ListItem\",\"position\":2,\"name\":\"Millal ei tohiks panna andmekaitsespetsialisti (ingl k DPO) kohustusi juhatusele?\"}]},{\"@type\":\"WebSite\",\"@id\":\"https:\\\/\\\/www.corelegal.eu\\\/#website\",\"url\":\"https:\\\/\\\/www.corelegal.eu\\\/\",\"name\":\"Core Legal\",\"description\":\"\u00d5igusteenused kasvavale \u00e4rile\",\"publisher\":{\"@id\":\"https:\\\/\\\/www.corelegal.eu\\\/#organization\"},\"potentialAction\":[{\"@type\":\"SearchAction\",\"target\":{\"@type\":\"EntryPoint\",\"urlTemplate\":\"https:\\\/\\\/www.corelegal.eu\\\/?s={search_term_string}\"},\"query-input\":{\"@type\":\"PropertyValueSpecification\",\"valueRequired\":true,\"valueName\":\"search_term_string\"}}],\"inLanguage\":\"et\"},{\"@type\":\"Organization\",\"@id\":\"https:\\\/\\\/www.corelegal.eu\\\/#organization\",\"name\":\"Core Legal advokaadib\u00fcroo\",\"alternateName\":\"Core Legal\",\"url\":\"https:\\\/\\\/www.corelegal.eu\\\/\",\"logo\":{\"@type\":\"ImageObject\",\"inLanguage\":\"et\",\"@id\":\"https:\\\/\\\/www.corelegal.eu\\\/#\\\/schema\\\/logo\\\/image\\\/\",\"url\":\"https:\\\/\\\/www.corelegal.eu\\\/wp-content\\\/uploads\\\/2024\\\/04\\\/2.png\",\"contentUrl\":\"https:\\\/\\\/www.corelegal.eu\\\/wp-content\\\/uploads\\\/2024\\\/04\\\/2.png\",\"width\":696,\"height\":696,\"caption\":\"Core Legal advokaadib\u00fcroo\"},\"image\":{\"@id\":\"https:\\\/\\\/www.corelegal.eu\\\/#\\\/schema\\\/logo\\\/image\\\/\"},\"sameAs\":[\"https:\\\/\\\/www.facebook.com\\\/CoreLegalLaw\",\"https:\\\/\\\/www.instagram.com\\\/corelegal.eu\\\/\",\"https:\\\/\\\/www.linkedin.com\\\/company\\\/33252715\\\/admin\\\/feed\\\/posts\\\/\"]},{\"@type\":\"Person\",\"@id\":\"https:\\\/\\\/www.corelegal.eu\\\/#\\\/schema\\\/person\\\/641bb5a5832bcef8f57f8d770055e41c\",\"name\":\"tiina.pukk@corelegal.eu\"}]}<\/script>\n<!-- \/ Yoast SEO plugin. -->","yoast_head_json":{"title":"Millal ei tohiks panna andmekaitsespetsialisti (ingl k DPO) kohustusi juhatusele? | CoreLegal","description":"Euroopa Liidu isikuandmete kaitse \u00fcldm\u00e4\u00e4rus (IK\u00dcM, ingl k GDPR) r\u00f5hutab andmekaitse olulisust, n\u00f5udes organisatsioonidelt ja ettev\u00f5tetelt erilist","robots":{"index":"index","follow":"follow","max-snippet":"max-snippet:-1","max-image-preview":"max-image-preview:large","max-video-preview":"max-video-preview:-1"},"canonical":"https:\/\/www.corelegal.eu\/et\/millal-ei-tohiks-panna-andmekaitsespetsialisti-ingl-k-dpo-kohustusi-juhatusele\/","og_locale":"et_EE","og_type":"article","og_title":"Millal ei tohiks panna andmekaitsespetsialisti (ingl k DPO) kohustusi juhatusele? | CoreLegal","og_description":"Euroopa Liidu isikuandmete kaitse \u00fcldm\u00e4\u00e4rus (IK\u00dcM, ingl k GDPR) r\u00f5hutab andmekaitse olulisust, n\u00f5udes organisatsioonidelt ja ettev\u00f5tetelt erilist","og_url":"https:\/\/www.corelegal.eu\/et\/millal-ei-tohiks-panna-andmekaitsespetsialisti-ingl-k-dpo-kohustusi-juhatusele\/","og_site_name":"CoreLegal","article_publisher":"https:\/\/www.facebook.com\/CoreLegalLaw","article_published_time":"2024-06-28T10:03:36+00:00","article_modified_time":"2024-07-29T07:17:33+00:00","og_image":[{"url":"https:\/\/www.corelegal.eu\/wp-content\/uploads\/2024\/06\/DPO-service-by-Core-Legal.jpg","type":"","width":"","height":""}],"author":"tiina.pukk@corelegal.eu","twitter_card":"summary_large_image","schema":{"@context":"https:\/\/schema.org","@graph":[{"@type":"Article","@id":"https:\/\/www.corelegal.eu\/et\/millal-ei-tohiks-panna-andmekaitsespetsialisti-ingl-k-dpo-kohustusi-juhatusele\/#article","isPartOf":{"@id":"https:\/\/www.corelegal.eu\/et\/millal-ei-tohiks-panna-andmekaitsespetsialisti-ingl-k-dpo-kohustusi-juhatusele\/"},"author":{"name":"tiina.pukk@corelegal.eu","@id":"https:\/\/www.corelegal.eu\/#\/schema\/person\/641bb5a5832bcef8f57f8d770055e41c"},"headline":"Millal ei tohiks panna andmekaitsespetsialisti (ingl k DPO) kohustusi juhatusele?","datePublished":"2024-06-28T10:03:36+00:00","dateModified":"2024-07-29T07:17:33+00:00","mainEntityOfPage":{"@id":"https:\/\/www.corelegal.eu\/et\/millal-ei-tohiks-panna-andmekaitsespetsialisti-ingl-k-dpo-kohustusi-juhatusele\/"},"wordCount":493,"publisher":{"@id":"https:\/\/www.corelegal.eu\/#organization"},"image":{"@id":"https:\/\/www.corelegal.eu\/et\/millal-ei-tohiks-panna-andmekaitsespetsialisti-ingl-k-dpo-kohustusi-juhatusele\/#primaryimage"},"thumbnailUrl":"https:\/\/www.corelegal.eu\/wp-content\/uploads\/2024\/06\/DPO-service-by-Core-Legal.jpg","articleSection":["Uncategorized @et"],"inLanguage":"et"},{"@type":"WebPage","@id":"https:\/\/www.corelegal.eu\/et\/millal-ei-tohiks-panna-andmekaitsespetsialisti-ingl-k-dpo-kohustusi-juhatusele\/","url":"https:\/\/www.corelegal.eu\/et\/millal-ei-tohiks-panna-andmekaitsespetsialisti-ingl-k-dpo-kohustusi-juhatusele\/","name":"Millal ei tohiks panna andmekaitsespetsialisti (ingl k DPO) kohustusi juhatusele? | CoreLegal","isPartOf":{"@id":"https:\/\/www.corelegal.eu\/#website"},"primaryImageOfPage":{"@id":"https:\/\/www.corelegal.eu\/et\/millal-ei-tohiks-panna-andmekaitsespetsialisti-ingl-k-dpo-kohustusi-juhatusele\/#primaryimage"},"image":{"@id":"https:\/\/www.corelegal.eu\/et\/millal-ei-tohiks-panna-andmekaitsespetsialisti-ingl-k-dpo-kohustusi-juhatusele\/#primaryimage"},"thumbnailUrl":"https:\/\/www.corelegal.eu\/wp-content\/uploads\/2024\/06\/DPO-service-by-Core-Legal.jpg","datePublished":"2024-06-28T10:03:36+00:00","dateModified":"2024-07-29T07:17:33+00:00","description":"Euroopa Liidu isikuandmete kaitse \u00fcldm\u00e4\u00e4rus (IK\u00dcM, ingl k GDPR) r\u00f5hutab andmekaitse olulisust, n\u00f5udes organisatsioonidelt ja ettev\u00f5tetelt erilist","breadcrumb":{"@id":"https:\/\/www.corelegal.eu\/et\/millal-ei-tohiks-panna-andmekaitsespetsialisti-ingl-k-dpo-kohustusi-juhatusele\/#breadcrumb"},"inLanguage":"et","potentialAction":[{"@type":"ReadAction","target":["https:\/\/www.corelegal.eu\/et\/millal-ei-tohiks-panna-andmekaitsespetsialisti-ingl-k-dpo-kohustusi-juhatusele\/"]}]},{"@type":"ImageObject","inLanguage":"et","@id":"https:\/\/www.corelegal.eu\/et\/millal-ei-tohiks-panna-andmekaitsespetsialisti-ingl-k-dpo-kohustusi-juhatusele\/#primaryimage","url":"https:\/\/www.corelegal.eu\/wp-content\/uploads\/2024\/06\/DPO-service-by-Core-Legal.jpg","contentUrl":"https:\/\/www.corelegal.eu\/wp-content\/uploads\/2024\/06\/DPO-service-by-Core-Legal.jpg"},{"@type":"BreadcrumbList","@id":"https:\/\/www.corelegal.eu\/et\/millal-ei-tohiks-panna-andmekaitsespetsialisti-ingl-k-dpo-kohustusi-juhatusele\/#breadcrumb","itemListElement":[{"@type":"ListItem","position":1,"name":"Home","item":"https:\/\/www.corelegal.eu\/et\/avaleht\/"},{"@type":"ListItem","position":2,"name":"Millal ei tohiks panna andmekaitsespetsialisti (ingl k DPO) kohustusi juhatusele?"}]},{"@type":"WebSite","@id":"https:\/\/www.corelegal.eu\/#website","url":"https:\/\/www.corelegal.eu\/","name":"Core Legal","description":"\u00d5igusteenused kasvavale \u00e4rile","publisher":{"@id":"https:\/\/www.corelegal.eu\/#organization"},"potentialAction":[{"@type":"SearchAction","target":{"@type":"EntryPoint","urlTemplate":"https:\/\/www.corelegal.eu\/?s={search_term_string}"},"query-input":{"@type":"PropertyValueSpecification","valueRequired":true,"valueName":"search_term_string"}}],"inLanguage":"et"},{"@type":"Organization","@id":"https:\/\/www.corelegal.eu\/#organization","name":"Core Legal advokaadib\u00fcroo","alternateName":"Core Legal","url":"https:\/\/www.corelegal.eu\/","logo":{"@type":"ImageObject","inLanguage":"et","@id":"https:\/\/www.corelegal.eu\/#\/schema\/logo\/image\/","url":"https:\/\/www.corelegal.eu\/wp-content\/uploads\/2024\/04\/2.png","contentUrl":"https:\/\/www.corelegal.eu\/wp-content\/uploads\/2024\/04\/2.png","width":696,"height":696,"caption":"Core Legal advokaadib\u00fcroo"},"image":{"@id":"https:\/\/www.corelegal.eu\/#\/schema\/logo\/image\/"},"sameAs":["https:\/\/www.facebook.com\/CoreLegalLaw","https:\/\/www.instagram.com\/corelegal.eu\/","https:\/\/www.linkedin.com\/company\/33252715\/admin\/feed\/posts\/"]},{"@type":"Person","@id":"https:\/\/www.corelegal.eu\/#\/schema\/person\/641bb5a5832bcef8f57f8d770055e41c","name":"tiina.pukk@corelegal.eu"}]}},"_links":{"self":[{"href":"https:\/\/www.corelegal.eu\/et\/wp-json\/wp\/v2\/posts\/611","targetHints":{"allow":["GET"]}}],"collection":[{"href":"https:\/\/www.corelegal.eu\/et\/wp-json\/wp\/v2\/posts"}],"about":[{"href":"https:\/\/www.corelegal.eu\/et\/wp-json\/wp\/v2\/types\/post"}],"author":[{"embeddable":true,"href":"https:\/\/www.corelegal.eu\/et\/wp-json\/wp\/v2\/users\/3"}],"replies":[{"embeddable":true,"href":"https:\/\/www.corelegal.eu\/et\/wp-json\/wp\/v2\/comments?post=611"}],"version-history":[{"count":2,"href":"https:\/\/www.corelegal.eu\/et\/wp-json\/wp\/v2\/posts\/611\/revisions"}],"predecessor-version":[{"id":636,"href":"https:\/\/www.corelegal.eu\/et\/wp-json\/wp\/v2\/posts\/611\/revisions\/636"}],"wp:attachment":[{"href":"https:\/\/www.corelegal.eu\/et\/wp-json\/wp\/v2\/media?parent=611"}],"wp:term":[{"taxonomy":"category","embeddable":true,"href":"https:\/\/www.corelegal.eu\/et\/wp-json\/wp\/v2\/categories?post=611"},{"taxonomy":"post_tag","embeddable":true,"href":"https:\/\/www.corelegal.eu\/et\/wp-json\/wp\/v2\/tags?post=611"}],"curies":[{"name":"wp","href":"https:\/\/api.w.org\/{rel}","templated":true}]}}